{"id":6153,"date":"2022-12-26T10:00:07","date_gmt":"2022-12-26T09:00:07","guid":{"rendered":"https:\/\/www.npkrka.hr\/?p=6153"},"modified":"2025-12-02T13:01:28","modified_gmt":"2025-12-02T12:01:28","slug":"kad-se-sjetim-krke-miris-kruha","status":"publish","type":"post","link":"https:\/\/npkrka.hr\/hr\/2022\/12\/26\/kad-se-sjetim-krke-miris-kruha\/","title":{"rendered":"Kad se sjetim Krke \u2013 miris kruha"},"content":{"rendered":"<p>[hr]<\/p>\n<p><strong>Film <em>Kad se sjetim Krke<\/em>, u re\u017eiji Tomislava Krni\u0107a, novi uradak iz ciklusa kratkih namjenskih dokumentarnih filmova, ovih blagdanskih dana donosi pri\u010du o kruhu<\/strong><\/p>\n<p>Tamo gdje teku bistre i \u010diste vode Krke, gdje pu\u0161e hladna bura i topli ljetni povjetarac, zemlja je kamenita, a plodovi \u0161krti. Ali ono \u0161to tu raste i proizvodi se vrijedno je svega truda \u0161to ga ula\u017eu \u017euljevite \u010dovjekove ruke. Zato je \u010detvrti dokumentarni film iz ciklusa \u201eKad se sjetim Krke\u201c posve\u0107en upravo plodovima te\u0161ka \u010dovjekova rada \u2013 kruhu, koji posebno cijenimo u ovo blagdansko vrijeme.<\/p>\n<p>Projekt je zami\u0161ljen kao oda ljudima i kraju kojim te\u010de Krka. Tekst koji prati film, pisan kao ljubavno pismo ljudi koji su tu \u017eivjeli kroz povijest, slavi jednostavnost \u017eivota i apsolutnu povezanost s prirodom. Vizualno, film je mozai\u010dno strukturiran. Kroz pa\u017eljivi monta\u017eni slijed donosi razli\u010dite kadrove koji dijelom doslovno, a dijelom apstraktno ocrtavaju tekst i donose atmosferu Dalmatinske zagore, kr\u0161a, Krke i svega ostalog \u0161to \u010dini jedinstveni \u017eivot snimanog prostora. Narator je sam autor filma. Tako se osje\u0107a ukupni autorski dojam jer izgovorena rije\u010d i snimljeni kadrovi u sebi nose istu emociju. Prostor Krke nudi i fantasti\u010dnu zvu\u010dnu sliku vode koja te\u010de. Te\u010de kao \u017eivot, ponekad sporo, ponekad se ru\u0161i u slapu.<\/p>\n<p>Posebna pozornost posve\u0107ena je detaljima. Kadrovi zrna p\u0161enice, kruha, vode i vatre, etnografski elementi tradicionalnog veza, poneka stara obiteljska fotografija na zidu ili kamen od kojega je izgra\u0111ena ku\u0107a pri\u010daju pri\u010du o \u017eivotu ovda\u0161njeg \u010dovjeka i tradiciji koju ba\u0161tinimo. I dan-danas u krajevima oko Krke mo\u017ee se vidjeti tradicijski na\u010din izrade kruha. Iako se vi\u0161e ne mijesi od \u017eita mljevenog u mlinovima, oblikuje se ru\u010dno i pe\u010de ispod peke u starinskoj <em>ku\u017eini<\/em>. Kako je izgledala jedna takva <em>ku\u017eina<\/em>, kao i mlinareva soba i pogoni za mljevenje \u017eita \u2013 vodenice, posjetitelji Nacionalnog parka \u201eKrka\u201c mogu vidjeti u obnovljenim vodenicama na Ro\u0161kome slapu, gdje su i snimljeni ti kadrovi.<\/p>\n<p>Trominutni film u re\u017eiji Tomislava Krni\u0107a i produkciji Digital Media Studia 24\/7 sniman je digitalnim filmskim kamerama, uz kori\u0161tenje drona za snimanje iz zraka. Cjelokupna produkcija snimljena je u tehnologiji visoke razlu\u010divosti 4K. Monta\u017ea i postprodukcija djelo su Tomislava Rupi\u0107a, a film je titlovan na engleski jezik.<\/p>\n<div class=\"fotorama rounded-lg  shadow lblue-bg mt-5   \" data-width=\"100%\" data-ratio=\"16\/10\"  data-nav=\"thumbs\" data-autoplay=\"true\" data-arrows=\"true\" data-transition=\"crossfade\"><img decoding=\"async\" src=\"https:\/\/npkrka.hr\/wp-content\/uploads\/IMG_1617.jpeg\" width=\"100%\" \/><img decoding=\"async\" src=\"https:\/\/npkrka.hr\/wp-content\/uploads\/IMG_3552.jpg\" width=\"100%\" \/><img decoding=\"async\" src=\"https:\/\/npkrka.hr\/wp-content\/uploads\/IMG_1652.jpeg\" width=\"100%\" \/><img decoding=\"async\" src=\"https:\/\/npkrka.hr\/wp-content\/uploads\/IMG_1707.jpeg\" width=\"100%\" \/><img decoding=\"async\" src=\"https:\/\/npkrka.hr\/wp-content\/uploads\/IMG_3570.jpg\" width=\"100%\" \/><\/div><p>&nbsp;<\/p>\n<p>[\/hr]<\/p>\n<p>[en]<br \/>\n<strong>When I Think of the Krka \u2013 the smell of bread<\/strong><\/p>\n<p><strong>A new piece in the series of short documentary films \u201cWhen I Think of the Krka\u201d, directed by Tomislav Krni\u0107 brings the story of bread to us this holiday season<\/strong><\/p>\n<p>There where the clear and clean waters of the Krka flow, where the cold Bora wind and the warm summer breezes blow, the land is rocky and the fruits sparse. But all that grows and was made here is worth all the effort put into it by the blistered hands of man. This is why the fourth documentary film in the series entitled \u201cWhen I Think of the Krka\u201d is dedicated to the fruits of human labour \u2013 bread, something that we prize during these holidays.<\/p>\n<p>This project was conceived as an ode to the people and the landscape through which the Krka flows. The text accompanying the film, written as a love song to the people who lived here over history, celebrates the simplicity of life and absolute connection with nature. Visually, the film has a mosaic structure, showing various scenes that give a somewhat literal and somewhat abstract view of the text, bringing forth the atmosphere of the Dalmatian Zagora inland plain, the karst, the Krka, and everything else that makes this area so unique. The filmmaker is also the narrator, giving deeper insight into the artist\u2019s impression, as the spoken words and filmed shots carry the same emotions. The landscape of the Krka River offers a fantastic soundscape of the water flowing through it. It flows like life, sometimes slow, and other times crashing down in a waterfall.<\/p>\n<p>Special attention has been given to the details. Shots of grains of wheat, bread, water and fire, or ethnographic elements of traditional embroidery, an old family photograph on the wall, the stone used to build the house, tell the story of people here and the traditions they nurture. Even today, in the area around the Krka River, you can still find the traditional way of baking bread. Even though they no longer use grain milled in the watermills, the loaves are hand shaped and baked under the iron bell in the old <em>ku\u017eina, <\/em>or kitchen. Visitors are able to view what a <em>ku\u017eina<\/em> looked like, and also the miller\u2019s room and grain mill powered by water at the restored watermills at Ro\u0161ki slap waterfall in Krka National Park, where these shots were filmed.<\/p>\n<p>This three-minute film directed by Tomislav Krni\u0107 and produced by Digital Media Studio 24\/7 was shot with digital film cameras and a drone for the air shots. The entire production was filmed in 4K resolution. Editing and post-production are the work of Tomislav Rupi\u0107, and the film features English subtitles.<\/p>\n<div class=\"fotorama rounded-lg  shadow lblue-bg mt-5   \" data-width=\"100%\" data-ratio=\"16\/10\"  data-nav=\"thumbs\" data-autoplay=\"true\" data-arrows=\"true\" data-transition=\"crossfade\"><img decoding=\"async\" src=\"https:\/\/npkrka.hr\/wp-content\/uploads\/IMG_1617.jpeg\" width=\"100%\" \/><img decoding=\"async\" src=\"https:\/\/npkrka.hr\/wp-content\/uploads\/IMG_3552.jpg\" width=\"100%\" \/><img decoding=\"async\" src=\"https:\/\/npkrka.hr\/wp-content\/uploads\/IMG_1652.jpeg\" width=\"100%\" \/><img decoding=\"async\" src=\"https:\/\/npkrka.hr\/wp-content\/uploads\/IMG_1707.jpeg\" width=\"100%\" \/><img decoding=\"async\" src=\"https:\/\/npkrka.hr\/wp-content\/uploads\/IMG_3570.jpg\" width=\"100%\" \/><\/div><p>&nbsp;<\/p>\n<p>[\/en]<\/p>\n","protected":false},"excerpt":{"rendered":"<p>Film Kad se sjetim Krke, u re\u017eiji Tomislava Krni\u0107a, novi uradak iz ciklusa kratkih namjenskih dokumentarnih filmova, ovih blagdanskih dana donosi pri\u010du o kruhu<\/p>\n","protected":false},"author":3,"featured_media":6158,"comment_status":"open","ping_status":"open","sticky":false,"template":"","format":"standard","meta":{"footnotes":""},"categories":[8],"tags":[],"class_list":["post-6153","post","type-post","status-publish","format-standard","has-post-thumbnail","hentry","category-novosti"],"_links":{"self":[{"href":"https:\/\/npkrka.hr\/hr\/wp-json\/wp\/v2\/posts\/6153","targetHints":{"allow":["GET"]}}],"collection":[{"href":"https:\/\/npkrka.hr\/hr\/wp-json\/wp\/v2\/posts"}],"about":[{"href":"https:\/\/npkrka.hr\/hr\/wp-json\/wp\/v2\/types\/post"}],"author":[{"embeddable":true,"href":"https:\/\/npkrka.hr\/hr\/wp-json\/wp\/v2\/users\/3"}],"replies":[{"embeddable":true,"href":"https:\/\/npkrka.hr\/hr\/wp-json\/wp\/v2\/comments?post=6153"}],"version-history":[{"count":4,"href":"https:\/\/npkrka.hr\/hr\/wp-json\/wp\/v2\/posts\/6153\/revisions"}],"predecessor-version":[{"id":13963,"href":"https:\/\/npkrka.hr\/hr\/wp-json\/wp\/v2\/posts\/6153\/revisions\/13963"}],"wp:featuredmedia":[{"embeddable":true,"href":"https:\/\/npkrka.hr\/hr\/wp-json\/wp\/v2\/media\/6158"}],"wp:attachment":[{"href":"https:\/\/npkrka.hr\/hr\/wp-json\/wp\/v2\/media?parent=6153"}],"wp:term":[{"taxonomy":"category","embeddable":true,"href":"https:\/\/npkrka.hr\/hr\/wp-json\/wp\/v2\/categories?post=6153"},{"taxonomy":"post_tag","embeddable":true,"href":"https:\/\/npkrka.hr\/hr\/wp-json\/wp\/v2\/tags?post=6153"}],"curies":[{"name":"wp","href":"https:\/\/api.w.org\/{rel}","templated":true}]}}