{"id":15398,"date":"2026-05-01T14:57:54","date_gmt":"2026-05-01T12:57:54","guid":{"rendered":"https:\/\/npkrka.hr\/?p=15398"},"modified":"2026-05-01T15:01:26","modified_gmt":"2026-05-01T13:01:26","slug":"u-nacionalnom-parku-krka-medunarodni-praznik-rada-obiljezen-uz-podjelu-sadnica-za-oprasivace","status":"publish","type":"post","link":"https:\/\/npkrka.hr\/hr\/2026\/05\/01\/u-nacionalnom-parku-krka-medunarodni-praznik-rada-obiljezen-uz-podjelu-sadnica-za-oprasivace\/","title":{"rendered":"U Nacionalnom parku Krka Me\u0111unarodni praznik rada obilje\u017een uz podjelu sadnica za opra\u0161iva\u010de"},"content":{"rendered":"<p><strong>U duhu o\u010duvanja prirode i promicanja odr\u017eiva razvoja, u Nacionalnom parku Krka Me\u0111unarodni praznik rada i ove je godine, \u010detvrti put zaredom, obilje\u017een sad ve\u0107 tradicionalnom podjelom sadnica.<\/strong><\/p>\n<p>Na Skradinskom buku posjetiteljima je podijeljeno tisu\u0107u sadnica autohtonih i medonosnih biljaka: tre\u0161nje, lavande, lovora, kadulje i ru\u017emarina, biljnih vrsta koje imaju klju\u010dnu ulogu u o\u010duvanju opra\u0161iva\u010da.<\/p>\n<p>Ta zelena inicijativa izravno je povezana s temom ovogodi\u0161njeg Green Eye Festivala, koji je bio posve\u0107en upravo opra\u0161iva\u010dima: p\u010delama, leptirima, bumbarima i drugim vrstama \u010dija je uloga u odr\u017eavanju ekosustava i sigurnosti proizvodnje hrane nezamjenjiva. U tom kontekstu, u svibnju \u0107e se u Prirodoslovnom muzeju u Zagrebu odr\u017eati novo izdanje Green Eye Festivala, pod naslovom \u201eU potrazi za petim elementom\u201c. Festival organiziraju Ministarstvo za\u0161tite okoli\u0161a i zelene tranzicije i Javna ustanova Nacionalni park Krka, bit \u0107e otvoren na Svjetski dan p\u010dela, 20. svibnja, a zavr\u0161it \u0107e 22. svibnja, kada se obilje\u017eavaju Svjetski dan bioraznolikosti i Dan za\u0161tite prirode u Republici Hrvatskoj.<\/p>\n<p>Sadnja autohtonih i medonosnih vrsta u vrtovima i oku\u0107nicama, smanjenje uporabe pesticida i o\u010duvanje prirodnih stani\u0161ta jednostavni su i u\u010dinkoviti na\u010dini na koje lokalna zajednica mo\u017ee pomo\u0107i opra\u0161iva\u010dima. Upravo su takve male, ali zna\u010dajne akcije temelj dugoro\u010dnog o\u010duvanja bioraznolikosti.<\/p>\n<p>Podjela sadnica dio je europske inicijative \u201eRastemo zajedno\u201c, kojoj je cilj sadnja tri milijarde stabala do 2030. godine. Sudjelovanjem u toj inicijativi, Nacionalni park Krka aktivno doprinosi ubla\u017eavanju klimatskih promjena, obnovi ekosustava i ja\u010danju otpornosti prirode.<\/p>\n<p>\u201e<strong>Za\u0161tita opra\u0161iva\u010da na\u0161a je zajedni\u010dka odgovornost. Ona zahtijeva suradnju, znanje i uklju\u010divanje cijele zajednice. Upravo kroz takve aktivnosti \u017eelimo potaknuti gra\u0111ane da postanu aktivni sudionici u o\u010duvanju prirode. Sadnjom biljaka koje hrane opra\u0161iva\u010de, svatko od nas tomu mo\u017ee dati konkretan doprinos<\/strong>\u201c, izjavila je ravnateljica Javne ustanove Nacionalni park Krka Nella Slavica.<\/p>\n<p>Sadnja stabala i biljaka ne samo da doprinosi o\u010duvanju prirode, ve\u0107 pozitivno utje\u010de i na kvalitetu zraka, ubla\u017eavanje klimatskih ekstrema i op\u0107e zdravlje i dobrobit ljudi. Boravak u prirodi dokazano smanjuje stres i pobolj\u0161ava kvalitetu \u017eivota, \u0161to dodatno potvr\u0111uje va\u017enost takvih inicijativa.<\/p>\n<p>Obilje\u017eavanje Praznika rada u Nacionalnom parku Krka jo\u0161 je jednom potvrdilo da tradicija, edukacija i zajedni\u010dko djelovanje mogu i\u0107i ruku pod ruku u stvaranju odr\u017eivije budu\u0107nosti.<\/p>\n<p>Svim gra\u0111anima od srca \u010destitamo Me\u0111unarodni praznik rada!<\/p>\n<div class=\"fotorama rounded-lg  shadow lblue-bg mt-5   \" data-width=\"100%\" data-ratio=\"16\/10\"  data-nav=\"thumbs\" data-autoplay=\"true\" data-arrows=\"true\" data-transition=\"crossfade\"><img decoding=\"async\" src=\"https:\/\/npkrka.hr\/wp-content\/uploads\/DSC_0084-scaled.jpg\" width=\"100%\" \/><img decoding=\"async\" src=\"https:\/\/npkrka.hr\/wp-content\/uploads\/DSC_0081-2-scaled.jpg\" width=\"100%\" \/><img decoding=\"async\" src=\"https:\/\/npkrka.hr\/wp-content\/uploads\/DSC_0079-scaled.jpg\" width=\"100%\" \/><img decoding=\"async\" src=\"https:\/\/npkrka.hr\/wp-content\/uploads\/DSC_0015-6-scaled.jpg\" width=\"100%\" \/><img decoding=\"async\" src=\"https:\/\/npkrka.hr\/wp-content\/uploads\/DSC_0095-3-scaled.jpg\" width=\"100%\" \/><img decoding=\"async\" src=\"https:\/\/npkrka.hr\/wp-content\/uploads\/DSC_0049-2-scaled.jpg\" width=\"100%\" \/><img decoding=\"async\" src=\"https:\/\/npkrka.hr\/wp-content\/uploads\/DSC_0086-1-scaled.jpg\" width=\"100%\" \/><img decoding=\"async\" src=\"https:\/\/npkrka.hr\/wp-content\/uploads\/DSC_0096-1-scaled.jpg\" width=\"100%\" \/><img decoding=\"async\" src=\"https:\/\/npkrka.hr\/wp-content\/uploads\/DSC_0076-3-scaled.jpg\" width=\"100%\" \/><img decoding=\"async\" src=\"https:\/\/npkrka.hr\/wp-content\/uploads\/DSC_0052-1-scaled.jpg\" width=\"100%\" \/><img decoding=\"async\" src=\"https:\/\/npkrka.hr\/wp-content\/uploads\/DSC_0099-2-scaled.jpg\" width=\"100%\" \/><img decoding=\"async\" src=\"https:\/\/npkrka.hr\/wp-content\/uploads\/DSC_0101-scaled.jpg\" width=\"100%\" \/><img decoding=\"async\" src=\"https:\/\/npkrka.hr\/wp-content\/uploads\/DSC_0111-scaled.jpg\" width=\"100%\" \/><img decoding=\"async\" src=\"https:\/\/npkrka.hr\/wp-content\/uploads\/DSC_0012-4-scaled.jpg\" width=\"100%\" \/><img decoding=\"async\" src=\"https:\/\/npkrka.hr\/wp-content\/uploads\/DSC_0112-2-scaled.jpg\" width=\"100%\" \/><img decoding=\"async\" src=\"https:\/\/npkrka.hr\/wp-content\/uploads\/DSC_0121-1-scaled.jpg\" width=\"100%\" \/><img decoding=\"async\" src=\"https:\/\/npkrka.hr\/wp-content\/uploads\/DSC_0116-1-scaled.jpg\" width=\"100%\" \/><img decoding=\"async\" src=\"https:\/\/npkrka.hr\/wp-content\/uploads\/DSC_0136-2-scaled.jpg\" width=\"100%\" \/><img decoding=\"async\" src=\"https:\/\/npkrka.hr\/wp-content\/uploads\/DSC_0141-2-scaled.jpg\" width=\"100%\" \/><img decoding=\"async\" src=\"https:\/\/npkrka.hr\/wp-content\/uploads\/DSC_0147-scaled.jpg\" width=\"100%\" \/><img decoding=\"async\" src=\"https:\/\/npkrka.hr\/wp-content\/uploads\/1000011107.jpg\" width=\"100%\" \/><img decoding=\"async\" src=\"https:\/\/npkrka.hr\/wp-content\/uploads\/DSC_0153-scaled.jpg\" width=\"100%\" \/><img decoding=\"async\" src=\"https:\/\/npkrka.hr\/wp-content\/uploads\/DSC_0158-1-scaled.jpg\" width=\"100%\" \/><img decoding=\"async\" src=\"https:\/\/npkrka.hr\/wp-content\/uploads\/DSC_0161-scaled.jpg\" width=\"100%\" \/><img decoding=\"async\" src=\"https:\/\/npkrka.hr\/wp-content\/uploads\/DSC_0163-1-scaled.jpg\" width=\"100%\" \/><img decoding=\"async\" src=\"https:\/\/npkrka.hr\/wp-content\/uploads\/DSC_0164-scaled.jpg\" width=\"100%\" \/><img decoding=\"async\" src=\"https:\/\/npkrka.hr\/wp-content\/uploads\/DSC_0166-scaled.jpg\" width=\"100%\" \/><img decoding=\"async\" src=\"https:\/\/npkrka.hr\/wp-content\/uploads\/DSC_0192-scaled.jpg\" width=\"100%\" \/><img decoding=\"async\" src=\"https:\/\/npkrka.hr\/wp-content\/uploads\/DSC_0198-1-scaled.jpg\" width=\"100%\" \/><img decoding=\"async\" src=\"https:\/\/npkrka.hr\/wp-content\/uploads\/1000011105.jpg\" width=\"100%\" \/><img decoding=\"async\" src=\"https:\/\/npkrka.hr\/wp-content\/uploads\/DSC_0025-1-scaled.jpg\" width=\"100%\" \/><\/div><p>&nbsp;<\/p>\n","protected":false},"excerpt":{"rendered":"<p>U duhu o\u010duvanja prirode i promicanja odr\u017eiva razvoja, u Nacionalnom parku Krka Me\u0111unarodni praznik rada i ove je godine, \u010detvrti put zaredom, obilje\u017een sad ve\u0107 tradicionalnom podjelom sadnica<\/p>\n","protected":false},"author":3,"featured_media":15424,"comment_status":"closed","ping_status":"closed","sticky":false,"template":"","format":"standard","meta":{"footnotes":""},"categories":[8],"tags":[],"class_list":["post-15398","post","type-post","status-publish","format-standard","has-post-thumbnail","hentry","category-novosti"],"_links":{"self":[{"href":"https:\/\/npkrka.hr\/hr\/wp-json\/wp\/v2\/posts\/15398","targetHints":{"allow":["GET"]}}],"collection":[{"href":"https:\/\/npkrka.hr\/hr\/wp-json\/wp\/v2\/posts"}],"about":[{"href":"https:\/\/npkrka.hr\/hr\/wp-json\/wp\/v2\/types\/post"}],"author":[{"embeddable":true,"href":"https:\/\/npkrka.hr\/hr\/wp-json\/wp\/v2\/users\/3"}],"replies":[{"embeddable":true,"href":"https:\/\/npkrka.hr\/hr\/wp-json\/wp\/v2\/comments?post=15398"}],"version-history":[{"count":3,"href":"https:\/\/npkrka.hr\/hr\/wp-json\/wp\/v2\/posts\/15398\/revisions"}],"predecessor-version":[{"id":15445,"href":"https:\/\/npkrka.hr\/hr\/wp-json\/wp\/v2\/posts\/15398\/revisions\/15445"}],"wp:featuredmedia":[{"embeddable":true,"href":"https:\/\/npkrka.hr\/hr\/wp-json\/wp\/v2\/media\/15424"}],"wp:attachment":[{"href":"https:\/\/npkrka.hr\/hr\/wp-json\/wp\/v2\/media?parent=15398"}],"wp:term":[{"taxonomy":"category","embeddable":true,"href":"https:\/\/npkrka.hr\/hr\/wp-json\/wp\/v2\/categories?post=15398"},{"taxonomy":"post_tag","embeddable":true,"href":"https:\/\/npkrka.hr\/hr\/wp-json\/wp\/v2\/tags?post=15398"}],"curies":[{"name":"wp","href":"https:\/\/api.w.org\/{rel}","templated":true}]}}