{"id":15348,"date":"2026-04-28T11:57:19","date_gmt":"2026-04-28T09:57:19","guid":{"rendered":"https:\/\/npkrka.hr\/?p=15348"},"modified":"2026-04-28T13:45:13","modified_gmt":"2026-04-28T11:45:13","slug":"zastita-od-pozara-i-ove-je-godine-jedan-od-prioriteta-nacionalnog-parka-krka","status":"publish","type":"post","link":"https:\/\/npkrka.hr\/hr\/2026\/04\/28\/zastita-od-pozara-i-ove-je-godine-jedan-od-prioriteta-nacionalnog-parka-krka\/","title":{"rendered":"Za\u0161tita od po\u017eara i ove je godine jedan od prioriteta Nacionalnog parka Krka"},"content":{"rendered":"<p><b>Javna ustanova Nacionalni park Krka nastavlja kontinuiranu uspje\u0161nu suradnju s vatrogasnim postrojbama kako bi se pripremila za ljetno razdoblje, kada je rizik od po\u017eara najve\u0107i.<\/b><\/p>\n<div data-olk-copy-source=\"MessageBody\">U sklopu priprema odr\u017ean je radni sastanak s predstavnicima dobrovoljnih vatrogasnih dru\u0161tava Skradin, Dubravice, Sv. Juraj, Ervenik, Promina i Drni\u0161 i javnih vatrogasnih postrojbi Knin i \u0160ibenik te Vatrogasne zajednice \u0160ibensko-kninske \u017eupanije.\u00a0 Sudionici su potpisali ugovor o suradnji, razmijenili iskustva i dogovorili aktivnosti za nadolaze\u0107u sezonu.<\/div>\n<div>Nagla\u0161eno je da su pripreme provedene temeljito, s fokusom na koordinaciju i operativnu spremnost svih uklju\u010denih slu\u017ebi. Zahvaljuju\u0107i takvom pristupu, proteklih godina izbjegnute su ve\u0107e \u0161tete, a prirodne vrijednosti Parka ostale su sa\u010duvane.<\/div>\n<div>Protupo\u017earni putovi ure\u0111eni su i spremni za kori\u0161tenje, \u0161to omogu\u0107uje brzo i u\u010dinkovito djelovanje vatrogasnih snaga na cijelom podru\u010dju Parka. Posebna zahvala upu\u0107ena je vatrogascima zbog predanosti i profesionalnosti u poslu, klju\u010dnih za pravodobnu reakciju.<\/div>\n<div>Unaprije\u0111en je i sustav ranog otkrivanja po\u017eara postavljanjem vatrodojavne kamere na Lozovcu, \u0161to omogu\u0107uje brzu intervenciju u slu\u010daju potrebe.<\/div>\n<div>Sustav protupo\u017earne za\u0161tite u Parku kontinuirano se razvija kroz godi\u0161nje planove i programe koji uklju\u010duju odr\u017eavanje terena, \u010di\u0161\u0107enje raslinja, ure\u0111enje staza i organiziranje motriteljsko-dojavne slu\u017ebe u razdoblju pove\u0107ane opasnosti od po\u017eara.<\/div>\n<div>Javna ustanova Nacionalni park Krka i dalje \u0107e se, uz za\u0161titu\u00a0prirode, brinuti i o sigurnosti posjetitelja, stoga njeguje sna\u017eno partnerstvo s vatrogasnim slu\u017ebama kao klju\u010dnim \u010diniocem\u00a0za\u0161tite vrijednog prostora o kojemu skrbi.<\/div>\n<div>\n<p>Pripadnicima vatrogasnih postrojbi \u017eelimo uspje\u0161nu, sigurnu i mirnu sezonu.<\/p>\n<div class=\"fotorama rounded-lg  shadow lblue-bg mt-5   \" data-width=\"100%\" data-ratio=\"16\/10\"  data-nav=\"thumbs\" data-autoplay=\"true\" data-arrows=\"true\" data-transition=\"crossfade\"><img decoding=\"async\" src=\"https:\/\/npkrka.hr\/wp-content\/uploads\/DSC_0002-3.jpg\" width=\"100%\" \/><img decoding=\"async\" src=\"https:\/\/npkrka.hr\/wp-content\/uploads\/DSC_0005-2.jpg\" width=\"100%\" \/><img decoding=\"async\" src=\"https:\/\/npkrka.hr\/wp-content\/uploads\/DSC_0016-1.jpg\" width=\"100%\" \/><\/div><p>&nbsp;<\/p>\n<\/div>\n","protected":false},"excerpt":{"rendered":"<p>Javna ustanova Nacionalni park Krka nastavlja kontinuiranu uspje\u0161nu suradnju s vatrogasnim postrojbama kako bi se pripremila za ljetno razdoblje, kada je rizik od po\u017eara najve\u0107i<\/p>\n","protected":false},"author":3,"featured_media":15351,"comment_status":"closed","ping_status":"closed","sticky":false,"template":"","format":"standard","meta":{"footnotes":""},"categories":[8],"tags":[],"class_list":["post-15348","post","type-post","status-publish","format-standard","has-post-thumbnail","hentry","category-novosti"],"_links":{"self":[{"href":"https:\/\/npkrka.hr\/hr\/wp-json\/wp\/v2\/posts\/15348","targetHints":{"allow":["GET"]}}],"collection":[{"href":"https:\/\/npkrka.hr\/hr\/wp-json\/wp\/v2\/posts"}],"about":[{"href":"https:\/\/npkrka.hr\/hr\/wp-json\/wp\/v2\/types\/post"}],"author":[{"embeddable":true,"href":"https:\/\/npkrka.hr\/hr\/wp-json\/wp\/v2\/users\/3"}],"replies":[{"embeddable":true,"href":"https:\/\/npkrka.hr\/hr\/wp-json\/wp\/v2\/comments?post=15348"}],"version-history":[{"count":4,"href":"https:\/\/npkrka.hr\/hr\/wp-json\/wp\/v2\/posts\/15348\/revisions"}],"predecessor-version":[{"id":15363,"href":"https:\/\/npkrka.hr\/hr\/wp-json\/wp\/v2\/posts\/15348\/revisions\/15363"}],"wp:featuredmedia":[{"embeddable":true,"href":"https:\/\/npkrka.hr\/hr\/wp-json\/wp\/v2\/media\/15351"}],"wp:attachment":[{"href":"https:\/\/npkrka.hr\/hr\/wp-json\/wp\/v2\/media?parent=15348"}],"wp:term":[{"taxonomy":"category","embeddable":true,"href":"https:\/\/npkrka.hr\/hr\/wp-json\/wp\/v2\/categories?post=15348"},{"taxonomy":"post_tag","embeddable":true,"href":"https:\/\/npkrka.hr\/hr\/wp-json\/wp\/v2\/tags?post=15348"}],"curies":[{"name":"wp","href":"https:\/\/api.w.org\/{rel}","templated":true}]}}