{"id":15280,"date":"2026-04-27T10:08:19","date_gmt":"2026-04-27T08:08:19","guid":{"rendered":"https:\/\/npkrka.hr\/?p=15280"},"modified":"2026-04-27T10:09:36","modified_gmt":"2026-04-27T08:09:36","slug":"medunarodni-volonterski-program-istrazivac-trzista-2026-u-nacionalnom-parku-krka","status":"publish","type":"post","link":"https:\/\/npkrka.hr\/hr\/2026\/04\/27\/medunarodni-volonterski-program-istrazivac-trzista-2026-u-nacionalnom-parku-krka\/","title":{"rendered":"Me\u0111unarodni volonterski program \u201eIstra\u017eiva\u010d tr\u017ei\u0161ta 2026.\u201c u Nacionalnom parku Krka"},"content":{"rendered":"<p><strong>Od 23. do 26. travnja 2026. u Nacionalnom parku Krka proveden je me\u0111unarodni volonterski program \u201eIstra\u017eiva\u010d tr\u017ei\u0161ta 2026.\u201c, u kojem su sudjelovali studenti ekonomije, turizma i dru\u0161tvenih usmjerenja iz vi\u0161e europskih zemalja.<\/strong><\/p>\n<p>Volonteri su bili smje\u0161teni u hostelu Titius u Eko kampusu \u201eKrka\u201c u Puljanima, prostoru posebno opremljenom za prihvat volontera, studijskih grupa i istra\u017eiva\u010da.<\/p>\n<p>Program je proveden na inicijativu projekta KVIST (Krka National Park Visitor Survey for Sustainable Tourism), u kojem sudjeluju studenti upravljanja turizmom s FH Westk\u00fcste University of Applied Sciences iz Njema\u010dke pod vodstvom prof. dr. Juliusa Arneggera. Suradnja Parka i njema\u010dkog sveu\u010dili\u0161ta pokazuje koliko je u razvoju odr\u017eiva turizma i razmjeni znanja izme\u0111u akademske zajednice i za\u0161ti\u0107enih podru\u010dja va\u017eno me\u0111unarodno povezivanje.<\/p>\n<p>Program je uklju\u010dio istra\u017eivanje odr\u017eiva upravljanja i posjetiteljskog iskustva u Nacionalnom parku Krka. Aktivnosti sudionika uklju\u010dile su pripremu i provedbu anketa, informiranje posjetitelja o ciljevima istra\u017eivanja i unos i provjeru prikupljenih podataka. Na klju\u010dnim lokacijama u Parku proveli su strukturirane razgovore s posjetiteljima, prikupljaju\u0107i podatke o motivima njihova dolaska, percepciji mjera odr\u017eivosti, razini zadovoljstva, potro\u0161a\u010dkim navikama i spremnosti da aktivno doprinesu o\u010duvanju prirode.<\/p>\n<p>Prikupljeni podaci obuhva\u0107aju i stavove posjetitelja o pravilima pona\u0161anja u Parku, njihovu ulogu u za\u0161titi okoli\u0161a i percepciju gu\u017eve i kvalitete do\u017eivljaja. Poseban naglasak stavljen je na razumijevanje odr\u017eivih praksi kod posjetitelja, prije svega na odgovorno pona\u0161anje i spremnost na podr\u0161ku mjerama o\u010duvanja, uklju\u010duju\u0107i i financijski doprinos.<\/p>\n<p>\u201e<strong>Rezultati ankete bit \u0107e vrijedan doprinos upravljanju posje\u0107ivanjem i za daljnje planiranje odr\u017eiva razvoja turizma u Nacionalnom parku Krka. Time se dodatno nagla\u0161ava strate\u0161ka usmjerenost Parka prema o\u010duvanju prirodnih vrijednosti uz istodobno unapre\u0111enje kvalitete posjetiteljskog iskustva<\/strong>\u201c, istaknula je ravnateljica Javne ustanove Nacionalni park Krka Nella Slavica.<\/p>\n<p>Volonterski programi Nacionalnog parka Krka va\u017ean su segment njegova djelovanja jer omogu\u0107uju sudionicima stjecanje prakti\u010dnih znanja i iskustava, ali i aktivno sudjelovanje u istra\u017eivanjima i o\u010duvanju prirode. Kroz ovakve inicijative Park kontinuirano poti\u010de razvoj odr\u017eivih praksi i ja\u010da svijest o va\u017enosti odgovornog upravljanja za\u0161ti\u0107enim podru\u010djima.<\/p>\n<p>Ovim programom Nacionalni park Krka jo\u0161 je jednom potvrdio ulogu koju ima kao platforma otvorena za me\u0111unarodnu suradnju, edukaciju i razvoj inovativnih pristupa u odr\u017eivu turizmu.<\/p>\n<div class=\"fotorama rounded-lg  shadow lblue-bg mt-5   \" data-width=\"100%\" data-ratio=\"16\/10\"  data-nav=\"thumbs\" data-autoplay=\"true\" data-arrows=\"true\" data-transition=\"crossfade\"><img decoding=\"async\" src=\"https:\/\/npkrka.hr\/wp-content\/uploads\/WhatsApp-Image-2026-04-23-at-15.25.372.jpeg\" width=\"100%\" \/><img decoding=\"async\" src=\"https:\/\/npkrka.hr\/wp-content\/uploads\/IMG-20260427-WA0002.jpg\" width=\"100%\" \/><img decoding=\"async\" src=\"https:\/\/npkrka.hr\/wp-content\/uploads\/1000010943.jpg\" width=\"100%\" \/><img decoding=\"async\" src=\"https:\/\/npkrka.hr\/wp-content\/uploads\/1000010946.jpg\" width=\"100%\" \/><img decoding=\"async\" src=\"https:\/\/npkrka.hr\/wp-content\/uploads\/1000010949.jpg\" width=\"100%\" \/><\/div><p>&nbsp;<\/p>\n","protected":false},"excerpt":{"rendered":"<p>Od 23. do 26. travnja 2026. u Nacionalnom parku Krka proveden je me\u0111unarodni volonterski program \u201eIstra\u017eiva\u010d tr\u017ei\u0161ta 2026.\u201c, u kojem su sudjelovali studenti ekonomije, turizma i dru\u0161tvenih usmjerenja iz vi\u0161e europskih zemalja<\/p>\n","protected":false},"author":3,"featured_media":15285,"comment_status":"closed","ping_status":"closed","sticky":false,"template":"","format":"standard","meta":{"footnotes":""},"categories":[8],"tags":[],"class_list":["post-15280","post","type-post","status-publish","format-standard","has-post-thumbnail","hentry","category-novosti"],"_links":{"self":[{"href":"https:\/\/npkrka.hr\/hr\/wp-json\/wp\/v2\/posts\/15280","targetHints":{"allow":["GET"]}}],"collection":[{"href":"https:\/\/npkrka.hr\/hr\/wp-json\/wp\/v2\/posts"}],"about":[{"href":"https:\/\/npkrka.hr\/hr\/wp-json\/wp\/v2\/types\/post"}],"author":[{"embeddable":true,"href":"https:\/\/npkrka.hr\/hr\/wp-json\/wp\/v2\/users\/3"}],"replies":[{"embeddable":true,"href":"https:\/\/npkrka.hr\/hr\/wp-json\/wp\/v2\/comments?post=15280"}],"version-history":[{"count":2,"href":"https:\/\/npkrka.hr\/hr\/wp-json\/wp\/v2\/posts\/15280\/revisions"}],"predecessor-version":[{"id":15287,"href":"https:\/\/npkrka.hr\/hr\/wp-json\/wp\/v2\/posts\/15280\/revisions\/15287"}],"wp:featuredmedia":[{"embeddable":true,"href":"https:\/\/npkrka.hr\/hr\/wp-json\/wp\/v2\/media\/15285"}],"wp:attachment":[{"href":"https:\/\/npkrka.hr\/hr\/wp-json\/wp\/v2\/media?parent=15280"}],"wp:term":[{"taxonomy":"category","embeddable":true,"href":"https:\/\/npkrka.hr\/hr\/wp-json\/wp\/v2\/categories?post=15280"},{"taxonomy":"post_tag","embeddable":true,"href":"https:\/\/npkrka.hr\/hr\/wp-json\/wp\/v2\/tags?post=15280"}],"curies":[{"name":"wp","href":"https:\/\/api.w.org\/{rel}","templated":true}]}}