{"id":14629,"date":"2026-02-11T07:17:38","date_gmt":"2026-02-11T06:17:38","guid":{"rendered":"https:\/\/npkrka.hr\/?p=14629"},"modified":"2026-02-11T07:17:38","modified_gmt":"2026-02-11T06:17:38","slug":"predstavljamo-vizualni-identitet-projekta-mosaic-of-life","status":"publish","type":"post","link":"https:\/\/npkrka.hr\/hr\/2026\/02\/11\/predstavljamo-vizualni-identitet-projekta-mosaic-of-life\/","title":{"rendered":"Predstavljamo vizualni identitet projekta Mosaic of LIFE"},"content":{"rendered":"<p><strong>Projekt Mosaic of LIFE dobiva svoje vizualno ruho, prepoznatljiv identitet koji mu daje karakter i vizualni pe\u010dat pod kojim \u0107e ga, vjerujemo, mnogi prepoznati i pamtiti u godinama koje dolaze<\/strong><\/p>\n<p>Ponosni smo na vizual projekta jer on nije tek estetski okvir projekta, ve\u0107 prenosi poruku o aktivnostima u koje vjerujemo: u obnovu stani\u0161ta, u o\u010duvanje ravnote\u017ee izme\u0111u \u010dovjeka i prirode i u vrijednost tradicije koja oblikuje krajolik.<\/p>\n<p>Vizualni identitet osmi\u0161ljen je kao simboli\u010dki prikaz prostora u kojemu se projekt provodi i odnosa izme\u0111u prirode i \u010dovjeka i njegovih praksi. Kroz projekt <a href=\"https:\/\/www.biom.hr\/projekti\/mosaic-of-life\/\">Mosaic of LIFE<\/a> \u017eelimo naglasiti to da ljudi, priroda i tradicija zajedno stvaraju mozai\u010dnost krajolika, a ta je ideja i vizualno predstavljena u njegovu logotipu.<\/p>\n<p>Logotip je zami\u0161ljen kao slojeviti prikaz krajolika. Donji sloj \u010dine polja i livade, ljeti spr\u017eene od sunca, koje unato\u010d surovim uvjetima imaju va\u017enu ulogu u ekosustavu. Uz njih su plavom bojom prikazane va\u017ene i bogate rijeke Cetina i Krka i stilizirane polovice bunara i lokvi za napoj doma\u0107ih i divljih \u017eivotinja, \u010dime se nagla\u0161ava njihov vitalni zna\u010daj za prirodu i \u010dovjeka. Zelena linija iznad njih simbolizira plodne pa\u0161njake u podno\u017eju planina koji se pojavljuju s porastom nadmorske visine. Neposredno iznad njih prikazane su planine, u neutralnoj sivoj boji, koja simbolizira kamen, postojanost i surovi kr\u0161. Iznad svih slojeva nalazi se krug koji predstavlja sunce, izvor svjetlosti, topline i \u017eivota, ali i element koji povezuje i oblikuje cijeli prostor.<\/p>\n<p>Pomno odabranim vizualnim jezikom \u017eelimo prenijeti poruku o mozai\u010dnosti odnosno dinami\u010dnosti toga prostora, na kojemu se poljoprivredne povr\u0161ine isprepli\u0107u s travnjacima, \u0161umama i kamenjarima. Taj krajolik nije samo prirodni prostor, ve\u0107 i rezultat dugotrajna su\u017eivota \u010dovjeka i prirode. Sto\u010dari i poljoprivrednici u tom su kontekstu \u010duvari krajolika, a njihovo znanje, rad i tradicionalne prakse, poput ispa\u0161e, klju\u010dni su za o\u010duvanje travnjaka, sprje\u010davanje zarastanja i stvaranje uvjeta za povratak ptica i njihovo gnije\u017e\u0111enje, kao simbol obnove i ravnote\u017ee.<\/p>\n<p>Vjerujemo da vizualnim identitetom projekta odra\u017eavamo vrijednosti o\u010duvanja bioraznolikosti, travnjaka i ptica i va\u017enost raznolikosti u mozai\u010dnom mediteranskom krajoliku, koji \u010dini identitet ovog podru\u010dja.<\/p>\n<p>Vizualni identitet projekta Mosaic of LIFE potpisuje Mi\u0107o Samard\u017eija iz studija Job&amp;Fun iz Knina. Odabirom lokalnog autora \u017eelimo sna\u017eno podr\u017eati lokalne poduzetnike i kreativce te dodatno naglasiti ukorijenjenost projekta u prostoru, ljudima i krajoliku koji su njegova su\u0161tina.<\/p>\n","protected":false},"excerpt":{"rendered":"<p>Projekt Mosaic of LIFE dobiva svoje vizualno ruho, prepoznatljiv identitet koji mu daje karakter i vizualni pe\u010dat pod kojim \u0107e ga, vjerujemo, mnogi prepoznati i pamtiti u godinama koje dolaze<\/p>\n","protected":false},"author":2,"featured_media":14627,"comment_status":"closed","ping_status":"closed","sticky":false,"template":"","format":"standard","meta":{"footnotes":""},"categories":[50,51],"tags":[],"class_list":["post-14629","post","type-post","status-publish","format-standard","has-post-thumbnail","hentry","category-mosaic-of-life","category-projekt-mozaic-of-life"],"_links":{"self":[{"href":"https:\/\/npkrka.hr\/hr\/wp-json\/wp\/v2\/posts\/14629","targetHints":{"allow":["GET"]}}],"collection":[{"href":"https:\/\/npkrka.hr\/hr\/wp-json\/wp\/v2\/posts"}],"about":[{"href":"https:\/\/npkrka.hr\/hr\/wp-json\/wp\/v2\/types\/post"}],"author":[{"embeddable":true,"href":"https:\/\/npkrka.hr\/hr\/wp-json\/wp\/v2\/users\/2"}],"replies":[{"embeddable":true,"href":"https:\/\/npkrka.hr\/hr\/wp-json\/wp\/v2\/comments?post=14629"}],"version-history":[{"count":1,"href":"https:\/\/npkrka.hr\/hr\/wp-json\/wp\/v2\/posts\/14629\/revisions"}],"predecessor-version":[{"id":14630,"href":"https:\/\/npkrka.hr\/hr\/wp-json\/wp\/v2\/posts\/14629\/revisions\/14630"}],"wp:featuredmedia":[{"embeddable":true,"href":"https:\/\/npkrka.hr\/hr\/wp-json\/wp\/v2\/media\/14627"}],"wp:attachment":[{"href":"https:\/\/npkrka.hr\/hr\/wp-json\/wp\/v2\/media?parent=14629"}],"wp:term":[{"taxonomy":"category","embeddable":true,"href":"https:\/\/npkrka.hr\/hr\/wp-json\/wp\/v2\/categories?post=14629"},{"taxonomy":"post_tag","embeddable":true,"href":"https:\/\/npkrka.hr\/hr\/wp-json\/wp\/v2\/tags?post=14629"}],"curies":[{"name":"wp","href":"https:\/\/api.w.org\/{rel}","templated":true}]}}