{"id":14188,"date":"2025-12-11T11:25:56","date_gmt":"2025-12-11T10:25:56","guid":{"rendered":"https:\/\/krka-translations.victorius-gold.hr\/?p=14188"},"modified":"2025-12-12T07:11:36","modified_gmt":"2025-12-12T06:11:36","slug":"u-nacionalnom-parku-krka-odrzana-zavrsna-konferencija-projekta-life-contra-ailanthus","status":"publish","type":"post","link":"https:\/\/npkrka.hr\/hr\/2025\/12\/11\/u-nacionalnom-parku-krka-odrzana-zavrsna-konferencija-projekta-life-contra-ailanthus\/","title":{"rendered":"U Nacionalnom parku \u201eKrka\u201c odr\u017eana zavr\u0161na konferencija projekta LIFE CONTRA Ailanthus"},"content":{"rendered":"<p><strong>U Eko kampusu \u201eKrka\u201c u Puljanima danas je odr\u017eana zavr\u0161na konferencija projekta LIFE CONTRA Ailanthus, kojim je planirana uspostava kontrole nad invazivnom stranom vrstom <em>Ailanthus altissima<\/em> (pajasen) u Hrvatskoj<\/strong><\/p>\n<p>Projekt provodi Zavod za za\u0161titu okoli\u0161a i prirode Ministarstva za\u0161tite okoli\u0161a i zelene tranzicije, u suradnji s partnerima: Javnom ustanovom \u201eNacionalni park Krka\u201c, Javnom ustanovom za upravljanje za\u0161ti\u0107enim dijelovima prirode Dubrova\u010dko-neretvanske \u017eupanije i tvrtkom Vrtlar d. o. o. iz Dubrovnika.<\/p>\n<p>Na konferenciji su predstavljeni glavni rezultati petogodi\u0161njeg projekta kojemu je cilj uspostava kontrole nad invazivnom vrstom pajasen u \u010detirima Natura 2000 podru\u010djima ekolo\u0161ke mre\u017ee Republike Hrvatske u mediteranskoj regiji (NP \u201eKrka\u201c i JI Pelje\u0161ac) te u povijesnim jezgrama Dubrovnika, Stona i Malog Stona. Sudionici su imali priliku upoznati se s metodama uklanjanja pajasena i razli\u010ditim aktivnostima provo\u0111enim u svrhu uspje\u0161ne kontrole te invanzivne vrste.<\/p>\n<p>\u201e<strong>Uklanjanje pajasena pokazalo se kao vrlo izazovan zadatak, ali smo testiranjem razli\u010ditih metoda poku\u0161ali na\u0107i one naju\u010dinkovitije, ovisno o ekolo\u0161kim uvjetima u kojima on raste. Te \u0107emo metode nastaviti razvijati, a kroz Protokol za uklanjanje pajasena prenijet \u0107emo na\u0161a znanja i iskustva svim dionicima koji \u0107e se u budu\u0107nosti baviti tom problemati\u010dnom vrstom<\/strong>\u201c, istaknuo je dr. sc. Aljo\u0161a Dupli\u0107, ravnatelj Zavoda za za\u0161titu okoli\u0161a i prirode.<\/p>\n<p>Osim na bioraznolikost, invazivne strane vrste negativno utje\u010du i na zdravlje ljudi i gospodarstvo, stoga njihovo uklanjanje izravno doprinosi o\u010duvanju prirodne i kulturne ba\u0161tine.<\/p>\n<p>\u201e<strong>Podaci koje je Javna ustanova &#8216;Nacionalni park Krka&#8217; dobila prije po\u010detka ovog projekta, zahvaljuju\u0107i testnoj plohi u Parku, govore neposredno u prilog dugoro\u010dnom odr\u017eivom upravljanju makrovegetacijom. Ostvarenje projektnih ciljeva temelj je budu\u0107e predane borbe protiv invazivne vrste pajasen, pri \u010demu \u0107e edukacija i prevencija imati klju\u010dnu ulogu<\/strong>\u201c, naglasila je ravnateljica Javne ustanove \u201eNacionalni park Krka\u201c Nella Slavica.<\/p>\n<p>Osim u za\u0161ti\u0107enim podru\u010djima, pajasen je uklanjan i u starim gradskim jezgrama Stona, Malog Stona i Dubrovnika.<\/p>\n<p>\u201e<strong>Na u\u017eem podru\u010dju grada Dubrovnika uklonjena je pribli\u017eno dvadeset jedna tisu\u0107a jedinki pajasena. Zahvaljuju\u0107i zahtjevnim radovima na terenu, odnosno sustavnom pra\u0107enju i uklanjanju pajasena, postigli smo rezultate na koje mo\u017eemo biti iznimno ponosni, a davali smo i stru\u010dne smjernice tijekom provedbe projekta. Uspje\u0161no smo ispunili glavne ciljeve projekta: o\u010duvanje kulturne ba\u0161tine i smanjenje nenamjernog \u0161irenja te invazivne vrste. Jednako va\u017ena bila je i informativna kampanja kojom smo educirali javnost o va\u017enosti njezina ranog prepoznavanja i uklanjanja. Iako se projekt slu\u017ebeno privodi kraju, na\u0161 posao ovdje ne staje. Namjera je Dru\u0161tva Vrtlar uspostaviti trajnu kontrolu nad \u0161irenjem pajasena, posebno u blizini spomeni\u010dke ba\u0161tine, \u010dime \u0107e se omogu\u0107iti i revitalizacija zavi\u010dajne vegetacije<\/strong>\u201c, rekla je Alma Majstorovi\u0107, direktorica Dru\u0161tva Vrtlar iz Dubrovnika.<\/p>\n<p>Predstavljeni su i rezultati aktivnosti ja\u010danja kapaciteta za upravljanje invazivnim stranim vrstama, kao i aktivnosti poduzetih radi podizanja svijesti javnosti o pajasenu, ali i o drugim invazivnim stranim vrstama u Hrvatskoj, \u0161to je urodilo boljim razumijevanjem problema i potrebom za sustavnim pristupom kontroli pajasena.<\/p>\n<p>\u201e<strong>Iskustvo rada na uklanjanju pajasena u ekolo\u0161koj mre\u017ei JI dio Pelje\u0161ca te na podru\u010dju Stona i Malog Stona pokazalo je koliko je, zbog specifi\u010dnosti na\u0161eg kr\u0161kog terena, rije\u010d o zahtjevnom i dugotrajnom procesu, u kojem je sudjelovanje lokalnog stanovni\u0161tva klju\u010dno za postizanje trajnih rezultata<\/strong>\u201c, dodala je Marijana Miljas \u0110ura\u010di\u0107, ravnateljica Javne ustanove za upravljanje za\u0161ti\u0107enim podru\u010djima Dubrova\u010dko-neretvanske \u017eupanije.<\/p>\n<p>Projekt LIFE CONTRA Ailanthus financiran je iz programa LIFE Europske unije, a zavr\u0161ava 31. prosinca 2025. godine.<\/p>\n<div class=\"fotorama rounded-lg  shadow lblue-bg mt-5   \" data-width=\"100%\" data-ratio=\"16\/10\"  data-nav=\"thumbs\" data-autoplay=\"true\" data-arrows=\"true\" data-transition=\"crossfade\"><img decoding=\"async\" src=\"https:\/\/npkrka.hr\/wp-content\/uploads\/DSC_0009-4.jpg\" width=\"100%\" \/><img decoding=\"async\" src=\"https:\/\/npkrka.hr\/wp-content\/uploads\/DSC_0015-4.jpg\" width=\"100%\" \/><img decoding=\"async\" src=\"https:\/\/npkrka.hr\/wp-content\/uploads\/DSC_0022-4.jpg\" width=\"100%\" \/><img decoding=\"async\" src=\"https:\/\/npkrka.hr\/wp-content\/uploads\/DSC_0027-2.jpg\" width=\"100%\" \/><img decoding=\"async\" src=\"https:\/\/npkrka.hr\/wp-content\/uploads\/DSC_0034-2.jpg\" width=\"100%\" \/><img decoding=\"async\" src=\"https:\/\/npkrka.hr\/wp-content\/uploads\/DSC_0048-3.jpg\" width=\"100%\" \/><img decoding=\"async\" src=\"https:\/\/npkrka.hr\/wp-content\/uploads\/DSC_0061-4.jpg\" width=\"100%\" \/><img decoding=\"async\" src=\"https:\/\/npkrka.hr\/wp-content\/uploads\/DSC_0063-4.jpg\" width=\"100%\" \/><img decoding=\"async\" src=\"https:\/\/npkrka.hr\/wp-content\/uploads\/DSC_0065-1.jpg\" width=\"100%\" \/><img decoding=\"async\" src=\"https:\/\/npkrka.hr\/wp-content\/uploads\/DSC_0070-1.jpg\" width=\"100%\" \/><img decoding=\"async\" src=\"https:\/\/npkrka.hr\/wp-content\/uploads\/DSC_0076-2.jpg\" width=\"100%\" \/><img decoding=\"async\" src=\"https:\/\/npkrka.hr\/wp-content\/uploads\/DSC_0087-1.jpg\" width=\"100%\" \/><img decoding=\"async\" src=\"https:\/\/npkrka.hr\/wp-content\/uploads\/DSC_0098-4.jpg\" width=\"100%\" \/><img decoding=\"async\" src=\"https:\/\/npkrka.hr\/wp-content\/uploads\/DSC_0107-3.jpg\" width=\"100%\" \/><img decoding=\"async\" src=\"https:\/\/npkrka.hr\/wp-content\/uploads\/DSC_0117-2.jpg\" width=\"100%\" \/><img decoding=\"async\" src=\"https:\/\/npkrka.hr\/wp-content\/uploads\/DSC_0119-2.jpg\" width=\"100%\" \/><img decoding=\"async\" src=\"https:\/\/npkrka.hr\/wp-content\/uploads\/DSC_0138-2.jpg\" width=\"100%\" \/><img decoding=\"async\" src=\"https:\/\/npkrka.hr\/wp-content\/uploads\/DSC_0143-2.jpg\" width=\"100%\" \/><\/div><p>&nbsp;<\/p>\n","protected":false},"excerpt":{"rendered":"<p>U Eko kampusu \u201eKrka\u201c u Puljanima danas je odr\u017eana zavr\u0161na konferencija projekta LIFE CONTRA Ailanthus, kojim je planirana uspostava kontrole nad invazivnom stranom vrstom Ailanthus altissima (pajasen) u Hrvatskoj<\/p>\n","protected":false},"author":5,"featured_media":14214,"comment_status":"closed","ping_status":"closed","sticky":false,"template":"","format":"standard","meta":{"footnotes":""},"categories":[35,8,49],"tags":[],"class_list":["post-14188","post","type-post","status-publish","format-standard","has-post-thumbnail","hentry","category-life-contra-ailanthus","category-novosti","category-projekt-life-contra-ailanthus"],"_links":{"self":[{"href":"https:\/\/npkrka.hr\/hr\/wp-json\/wp\/v2\/posts\/14188","targetHints":{"allow":["GET"]}}],"collection":[{"href":"https:\/\/npkrka.hr\/hr\/wp-json\/wp\/v2\/posts"}],"about":[{"href":"https:\/\/npkrka.hr\/hr\/wp-json\/wp\/v2\/types\/post"}],"author":[{"embeddable":true,"href":"https:\/\/npkrka.hr\/hr\/wp-json\/wp\/v2\/users\/5"}],"replies":[{"embeddable":true,"href":"https:\/\/npkrka.hr\/hr\/wp-json\/wp\/v2\/comments?post=14188"}],"version-history":[{"count":4,"href":"https:\/\/npkrka.hr\/hr\/wp-json\/wp\/v2\/posts\/14188\/revisions"}],"predecessor-version":[{"id":14223,"href":"https:\/\/npkrka.hr\/hr\/wp-json\/wp\/v2\/posts\/14188\/revisions\/14223"}],"wp:featuredmedia":[{"embeddable":true,"href":"https:\/\/npkrka.hr\/hr\/wp-json\/wp\/v2\/media\/14214"}],"wp:attachment":[{"href":"https:\/\/npkrka.hr\/hr\/wp-json\/wp\/v2\/media?parent=14188"}],"wp:term":[{"taxonomy":"category","embeddable":true,"href":"https:\/\/npkrka.hr\/hr\/wp-json\/wp\/v2\/categories?post=14188"},{"taxonomy":"post_tag","embeddable":true,"href":"https:\/\/npkrka.hr\/hr\/wp-json\/wp\/v2\/tags?post=14188"}],"curies":[{"name":"wp","href":"https:\/\/api.w.org\/{rel}","templated":true}]}}