{"id":11976,"date":"2025-06-10T13:03:06","date_gmt":"2025-06-10T11:03:06","guid":{"rendered":"https:\/\/www.npkrka.hr\/?p=11976"},"modified":"2025-12-02T12:47:26","modified_gmt":"2025-12-02T11:47:26","slug":"natjecaj-za-bespovratne-potpore-lokalnim-poljoprivrednim-gospodarstvima","status":"publish","type":"post","link":"https:\/\/npkrka.hr\/hr\/2025\/06\/10\/natjecaj-za-bespovratne-potpore-lokalnim-poljoprivrednim-gospodarstvima\/","title":{"rendered":"Natje\u010daj za bespovratne potpore lokalnim poljoprivrednim gospodarstvima"},"content":{"rendered":"<p>[hr]<strong>LAG Krka<\/strong> <strong>objavio je natje\u010daj za LAG intervenciju 1.1.1. \u201ePotpore za modernizaciju poljoprivrednih gospodarstava\u201c<\/strong><\/p>\n<p>Lokalne akcijske grupe (LAG-ovi) nastavljaju s provedbom natje\u010daja za dodjelu potpora i u novom programskom razdoblju. LAG-ovi provode natje\u010daje za intervencije iz svojih lokalnih razvojnih strategija, za korisnike isklju\u010divo sa svojih lokalnih podru\u010dja.<\/p>\n<p><strong>LAG Krka<\/strong> objavio je natje\u010daj za LAG intervenciju 1.1.1. \u201ePotpore za modernizaciju poljoprivrednih gospodarstava\u201c. Predmet natje\u010daja je dodjela bespovratnih potpora OPG-ovima i SOPG-ovima, zadrugama, obrtima i poduze\u0107ima upisanim u upisnik poljoprivrednika. Potpore se dodjeljuju za projekte modernizacije gospodarstava, a sve na podru\u010dju obuhvata LAG Krka:<\/p>\n<ul>\n<li>Op\u0107ine: Biskupija, Ervenik, Kijevo, Kistanje, Promina, Ru\u017ei\u0107, Une\u0161i\u0107<\/li>\n<li>Gradovi: Drni\u0161, Knin, Skradin<\/li>\n<li>21 naselje grada \u0160ibenika: Boraja, Brnjica, \u010cvrljevo, Danilo, Danilo Biranj, Danilo Kraljice, Donje Polje, Dubrava kod \u0160ibenika, Gori\u0161, Gradina, Konjevrate, Lepenica, Lozovac, Mravnica, Perkovi\u0107, Podine, Radoni\u0107, Sitno Donje, Slivno, Vrpolje, Vrsno<\/li>\n<\/ul>\n<p>Prihvatljive aktivnosti odnose se na primarnu poljoprivrednu proizvodnju i preradu poljoprivrednih proizvoda.<\/p>\n<p>Iznos bespovratne potpore je od 6.000 \u20ac do 20.000 \u20ac, a prijave se podnose\u00a0<strong>od 21. svibnja 2025. do 23. lipnja 2025. godine<\/strong>.<\/p>\n<p>Detaljnije informacije mo\u017eete pogledati na <a href=\"https:\/\/www.lag-krka.hr\/lag-natjecaji\/lag-natjecaji-2023-2027\">https:\/\/www.lag-krka.hr\/lag-natjecaji\/lag-natjecaji-2023-2027\u00a0<\/a>[\/hr]<\/p>\n","protected":false},"excerpt":{"rendered":"<p>LAG Krka objavio je natje\u010daj za LAG intervenciju 1.1.1. \u201ePotpore za modernizaciju poljoprivrednih gospodarstava\u201c<\/p>\n","protected":false},"author":2,"featured_media":10681,"comment_status":"closed","ping_status":"closed","sticky":false,"template":"","format":"standard","meta":{"footnotes":""},"categories":[11],"tags":[],"class_list":["post-11976","post","type-post","status-publish","format-standard","has-post-thumbnail","hentry","category-lokalna-zajednica"],"_links":{"self":[{"href":"https:\/\/npkrka.hr\/hr\/wp-json\/wp\/v2\/posts\/11976","targetHints":{"allow":["GET"]}}],"collection":[{"href":"https:\/\/npkrka.hr\/hr\/wp-json\/wp\/v2\/posts"}],"about":[{"href":"https:\/\/npkrka.hr\/hr\/wp-json\/wp\/v2\/types\/post"}],"author":[{"embeddable":true,"href":"https:\/\/npkrka.hr\/hr\/wp-json\/wp\/v2\/users\/2"}],"replies":[{"embeddable":true,"href":"https:\/\/npkrka.hr\/hr\/wp-json\/wp\/v2\/comments?post=11976"}],"version-history":[{"count":1,"href":"https:\/\/npkrka.hr\/hr\/wp-json\/wp\/v2\/posts\/11976\/revisions"}],"predecessor-version":[{"id":13042,"href":"https:\/\/npkrka.hr\/hr\/wp-json\/wp\/v2\/posts\/11976\/revisions\/13042"}],"wp:featuredmedia":[{"embeddable":true,"href":"https:\/\/npkrka.hr\/hr\/wp-json\/wp\/v2\/media\/10681"}],"wp:attachment":[{"href":"https:\/\/npkrka.hr\/hr\/wp-json\/wp\/v2\/media?parent=11976"}],"wp:term":[{"taxonomy":"category","embeddable":true,"href":"https:\/\/npkrka.hr\/hr\/wp-json\/wp\/v2\/categories?post=11976"},{"taxonomy":"post_tag","embeddable":true,"href":"https:\/\/npkrka.hr\/hr\/wp-json\/wp\/v2\/tags?post=11976"}],"curies":[{"name":"wp","href":"https:\/\/api.w.org\/{rel}","templated":true}]}}