{"id":8540,"date":"2023-09-13T12:53:17","date_gmt":"2023-09-13T10:53:17","guid":{"rendered":"https:\/\/www.npkrka.hr\/?p=8540"},"modified":"2025-12-02T13:01:29","modified_gmt":"2025-12-02T12:01:29","slug":"pjesaci-i-biciklisti-posjetite-np-krka-po-promotivnim-cijenama","status":"publish","type":"post","link":"https:\/\/npkrka.hr\/en_us\/2023\/09\/13\/pjesaci-i-biciklisti-posjetite-np-krka-po-promotivnim-cijenama\/","title":{"rendered":"Pedestrians and bicyclists, visit Krka NP at promotional ticket prices"},"content":{"rendered":"<p>[hr]<strong>Od 16. do 22. rujna promotivna cijena za pje\u0161ake i bicikliste na ulazima Skradinski most, Stinice i Ro\u0161ki slap iznosi 12 eura za cijeli Park, a 6 eura za srednji i gornji tok Krke<\/strong><\/p>\n<p>Obilje\u017eavaju\u0107i Europski tjedan mobilnosti, koji se tradicionalno odr\u017eava od 16. do 22. rujna, Nacionalni park \u201eKrka\u201c pridru\u017euje se brojnim gradovima i op\u0107inama diljem Europe kojima je cilj poticanje odr\u017eive urbane mobilnosti. Ovogodi\u0161nja tema, \u201e\u0160tedite energiju\u201c, izuzetno je va\u017ena s obzirom na sve ve\u0107e izazove u o\u010duvanju okoli\u0161a i smanjenju emisije stakleni\u010dkih plinova.<\/p>\n<p>\u201e<strong>Nacionalni park &#8216;Krka&#8217; svojim aktivnostima podr\u017eava tu zna\u010dajnu inicijativu, kojoj je cilj podizanje svijesti o va\u017enosti aktivne mobilnosti i kori\u0161tenja \u010distih i inteligentnih prijevoznih rje\u0161enja. U skladu s tim, posjetiteljima koji se odlu\u010de da \u0107e pje\u0161ice ili biciklom obilaziti prekrasne staze unutar Parka tijekom Europskog tjedna mobilnosti ulaznice \u0107e dobiti po povla\u0161tenoj cijeni<\/strong>\u201c, istaknula je Nella Slavica, ravnateljica Javne ustanove \u201eNacionalni park Krka\u201c.<\/p>\n<p>Tako \u0107e korisnici pou\u010dno-pje\u0161a\u010dke staze Skradinski most \u2013 Skradinski buk (3,4 km) i Stinice \u2013 Ro\u0161ki slap \u2013 Ozi\u0111ana pe\u0107ina (8,5 km) ostvariti pravo na povla\u0161tenu cijenu ulaznice za cijeli Park u iznosu od 12 eura (90,41 kn) za odrasle i 4,50 eura (33,91 kn) za djecu od sedam do osamnaest godina, a oni koji se odlu\u010de za lokacije Ro\u0161ki slap, Kistanje, Burnum i Eko kampus \u201eKrka\u201cu Puljanima ulaznicu \u0107e dobiti po cijeni od 6 eura (45,21 kn) za odrasle i 3,60 eura (27,12 kuna) za djecu.<\/p>\n<p>Poti\u010du\u0107i gra\u0111ane da odaberu odr\u017eive oblike kretanja, ova inicijativa promovira brojne prednosti pje\u0161a\u010denja i vo\u017enje bicikla te nagla\u0161ava va\u017enost smanjenja emisije \u0161tetnih plinova. Aktivnosti koje ona zagovara, osim \u0161to pozitivno utje\u010du na zdravlje pojedinaca, op\u0107enito su dru\u0161tveno i ekonomski pristupa\u010dnije.<\/p>\n<p>Tema Europskog tjedna mobilnosti 2023., \u201e\u0160tedite energiju\u201c, isti\u010de potrebu da svi zajedno hitno djelujemo kako bismo smanjili potro\u0161nju energije i doprinijeli o\u010duvanju na\u0161eg okoli\u0161a. Nacionalni park \u201eKrka\u201c kroz razli\u010dite \u0107e aktivnosti i doga\u0111anja tijekom Tjedna mobilnosti djelovati u skladu s tom temom nude\u0107i posjetiteljima priliku da se upuste u aktivnosti koje ne samo da smanjuju potro\u0161nju energije, nego i poma\u017eu u o\u010duvanju prirode.<\/p>\n<p>Uz tematske smjernice za Europski tjedan mobilnosti 2023., Nacionalni park \u201eKrka\u201c bit \u0107e dio globalnog napora u promicanju odr\u017eive mobilnosti i \u0161tednje energije. Kroz tu suradnju poti\u010demo sve gra\u0111ane da razmisle o svojim navikama kad je kretanje u pitanju i da se pridru\u017ee naporima za o\u010duvanje na\u0161eg prekrasnog okoli\u0161a. Neka \u201eKombiniraj i kre\u0107i se!\u201c bude moto svima nama tijekom Europskog tjedna mobilnosti 2023., ali i poslije njega, kako bismo zajedno gradili odr\u017eiviju budu\u0107nost za sve nas i na\u0161 planet.<\/p>\n<p><div class=\"fotorama rounded-lg  shadow lblue-bg mt-5   \" data-width=\"100%\" data-ratio=\"16\/10\"  data-nav=\"thumbs\" data-autoplay=\"true\" data-arrows=\"true\" data-transition=\"crossfade\"><img decoding=\"async\" src=\"https:\/\/npkrka.hr\/wp-content\/uploads\/skradinski-most04JPG.jpg\" width=\"100%\" \/><img decoding=\"async\" src=\"https:\/\/npkrka.hr\/wp-content\/uploads\/Staza-Stinice-5.jpg\" width=\"100%\" \/><img decoding=\"async\" src=\"https:\/\/npkrka.hr\/wp-content\/uploads\/Staza-Stinice-6.jpg\" width=\"100%\" \/><img decoding=\"async\" src=\"https:\/\/npkrka.hr\/wp-content\/uploads\/Stinice.jpg\" width=\"100%\" \/><\/div><p>&nbsp;<\/p>[\/hr]<\/p>\n<p>[en]<br \/>\n<strong>Pedestrians and bicyclists, visit Krka NP at promotional ticket prices<\/strong><br \/>\n<strong>From 16 to 22 September promotional entrance ticket price for pedestrians and bicyclists at the entrances Skradin Bridge, Stinice and Ro\u0161ki slap will be 12 euro for the entire Park, and 6 euro for visiting localities on the middle and upper course of the Krka River<\/strong><\/p>\n<p>Marking the 2023 European Mobility Week, which traditionally takes place from 16 to 22 September, the Krka National Park joins numerous cities and municipalities across Europe that are trying to encourage sustainable urban mobility. This year&#8217;s theme, &#8220;Save Energy&#8221;, is extremely important in view of the increasing challenges in environmental protection and reduction of greenhouse gas emissions.<\/p>\n<p><strong>&#8220;The Krka National Park supports this important initiative with its activities, the goal of which is to raise awareness of the importance of active mobility and the use of clean and intelligent transportation solutions. Accordingly, visitors who decide to explore the beautiful paths within the Park on foot or by bicycle during European Mobility Week will receive tickets at a discounted price&#8221;<\/strong>, said Nella Slavica, director of the Krka National Park.<\/p>\n<p>Thus, those using the educational hiking trail Skradin Bridge \u2013\u00a0 Skradinski buk waterfall (3.4 km), and Stinice \u2013 Ro\u0161ki slap waterfall \u2013 Ozi\u0111ana pe\u0107ina cave (8.5 km), will be entitled to a preferential ticket price for the entire Park in the amount of EUR 12 (90.41 HRK) for adults and EUR 4.50 (HRK 33.91) for children from seven to eighteen years old, while those who choose the sites of Ro\u0161ki slap, Kistanje, Burnum, and the Krka Eco Campus at Puljane will receive a ticket at a price of EUR 6 (45.21 HRK) for adults and EUR 3.60 (27.12 HRK) for children.<\/p>\n<p>By encouraging citizens to choose more sustainable forms of movement and transportation, this initiative promotes the numerous benefits of walking and cycling, and highlights the importance of reducing harmful gas emissions. The activities it advocates, in addition to having a positive effect on the health of individuals, are generally more socially and economically accessible.<\/p>\n<p>The theme of the 2023 European Mobility Week, &#8220;Save Energy&#8221;, highlights the need for us all to act urgently together to reduce energy consumption and contribute to the preservation of our environment. Through various activities and events during the Mobility Week, the Krka National Park will act in accordance with this theme, offering visitors the opportunity to engage in activities that not only reduce energy consumption, but also help preserve nature.<\/p>\n<p>Along with following the thematic guidelines for the 2023 European Mobility Week, the Krka National Park will be part of the global effort to promote sustainable mobility and energy saving. Through this cooperation, we encourage all citizens to think about their habits when it comes to movement, and to join efforts to preserve our beautiful environment.<\/p>\n<p>Let &#8220;Combine it and move!&#8221; be the motto of all of us during the 2023 European Mobility Week, but also after it, so that together we can build a more sustainable future for all of us and our planet.<\/p>\n<div class=\"fotorama rounded-lg  shadow lblue-bg mt-5   \" data-width=\"100%\" data-ratio=\"16\/10\"  data-nav=\"thumbs\" data-autoplay=\"true\" data-arrows=\"true\" data-transition=\"crossfade\"><img decoding=\"async\" src=\"https:\/\/npkrka.hr\/wp-content\/uploads\/skradinski-most04JPG.jpg\" width=\"100%\" \/><img decoding=\"async\" src=\"https:\/\/npkrka.hr\/wp-content\/uploads\/Staza-Stinice-5.jpg\" width=\"100%\" \/><img decoding=\"async\" src=\"https:\/\/npkrka.hr\/wp-content\/uploads\/Staza-Stinice-6.jpg\" width=\"100%\" \/><img decoding=\"async\" src=\"https:\/\/npkrka.hr\/wp-content\/uploads\/Stinice.jpg\" width=\"100%\" \/><\/div><p>&nbsp;<\/p>\n<p>&nbsp;<\/p>\n<p>&nbsp;<br \/>\n[\/en]<\/p>\n","protected":false},"excerpt":{"rendered":"<p>From 16 to 22 September promotional entrance ticket price for pedestrians and bicyclists at the entrances Skradin Bridge, Stinice and Ro\u0161ki slap will be 12 euro for the entire Park, and 6 euro for visiting localities on the middle and upper course of the Krka River<\/p>","protected":false},"author":3,"featured_media":8541,"comment_status":"open","ping_status":"open","sticky":false,"template":"","format":"standard","meta":{"footnotes":""},"categories":[8],"tags":[],"class_list":["post-8540","post","type-post","status-publish","format-standard","has-post-thumbnail","hentry","category-novosti"],"_links":{"self":[{"href":"https:\/\/npkrka.hr\/en_us\/wp-json\/wp\/v2\/posts\/8540","targetHints":{"allow":["GET"]}}],"collection":[{"href":"https:\/\/npkrka.hr\/en_us\/wp-json\/wp\/v2\/posts"}],"about":[{"href":"https:\/\/npkrka.hr\/en_us\/wp-json\/wp\/v2\/types\/post"}],"author":[{"embeddable":true,"href":"https:\/\/npkrka.hr\/en_us\/wp-json\/wp\/v2\/users\/3"}],"replies":[{"embeddable":true,"href":"https:\/\/npkrka.hr\/en_us\/wp-json\/wp\/v2\/comments?post=8540"}],"version-history":[{"count":4,"href":"https:\/\/npkrka.hr\/en_us\/wp-json\/wp\/v2\/posts\/8540\/revisions"}],"predecessor-version":[{"id":14013,"href":"https:\/\/npkrka.hr\/en_us\/wp-json\/wp\/v2\/posts\/8540\/revisions\/14013"}],"wp:featuredmedia":[{"embeddable":true,"href":"https:\/\/npkrka.hr\/en_us\/wp-json\/wp\/v2\/media\/8541"}],"wp:attachment":[{"href":"https:\/\/npkrka.hr\/en_us\/wp-json\/wp\/v2\/media?parent=8540"}],"wp:term":[{"taxonomy":"category","embeddable":true,"href":"https:\/\/npkrka.hr\/en_us\/wp-json\/wp\/v2\/categories?post=8540"},{"taxonomy":"post_tag","embeddable":true,"href":"https:\/\/npkrka.hr\/en_us\/wp-json\/wp\/v2\/tags?post=8540"}],"curies":[{"name":"wp","href":"https:\/\/api.w.org\/{rel}","templated":true}]}}